{"id":15210,"date":"2024-10-09T16:12:16","date_gmt":"2024-10-09T14:12:16","guid":{"rendered":"https:\/\/trommelberg.visionenmaler.de\/?p=15210"},"modified":"2026-01-19T11:15:05","modified_gmt":"2026-01-19T10:15:05","slug":"mobiler-infrarottrockner-drei-kassetten","status":"publish","type":"post","link":"https:\/\/trommelberg.visionenmaler.de\/en\/mobiler-infrarottrockner-drei-kassetten\/","title":{"rendered":"3 Cassettes Mobile Infrared Dryer IR3 ECONOMY"},"content":{"rendered":"<div data-elementor-type=\"wp-post\" data-elementor-id=\"15210\" class=\"elementor elementor-15210\" data-elementor-post-type=\"post\">\n\t\t\t\t<div class=\"elementor-element elementor-element-70985a7 e-flex e-con-boxed e-con e-parent\" data-id=\"70985a7\" data-element_type=\"container\" data-e-type=\"container\">\n\t\t\t\t\t<div class=\"e-con-inner\">\n\t\t<div class=\"elementor-element elementor-element-dc7e3b4 e-con-full e-flex e-con e-child\" data-id=\"dc7e3b4\" data-element_type=\"container\" data-e-type=\"container\" data-settings=\"{&quot;background_background&quot;:&quot;classic&quot;}\">\n\t\t\t\t<div class=\"elementor-element elementor-element-7bd7c4a elementor-skin-slideshow elementor-arrows-yes elementor-widget elementor-widget-media-carousel\" data-id=\"7bd7c4a\" data-element_type=\"widget\" data-e-type=\"widget\" data-settings=\"{&quot;skin&quot;:&quot;slideshow&quot;,&quot;effect&quot;:&quot;slide&quot;,&quot;show_arrows&quot;:&quot;yes&quot;,&quot;speed&quot;:500,&quot;autoplay&quot;:&quot;yes&quot;,&quot;autoplay_speed&quot;:5000,&quot;loop&quot;:&quot;yes&quot;,&quot;pause_on_hover&quot;:&quot;yes&quot;,&quot;pause_on_interaction&quot;:&quot;yes&quot;,&quot;space_between&quot;:{&quot;unit&quot;:&quot;px&quot;,&quot;size&quot;:10,&quot;sizes&quot;:[]},&quot;space_between_tablet&quot;:{&quot;unit&quot;:&quot;px&quot;,&quot;size&quot;:10,&quot;sizes&quot;:[]},&quot;space_between_mobile&quot;:{&quot;unit&quot;:&quot;px&quot;,&quot;size&quot;:10,&quot;sizes&quot;:[]}}\" data-widget_type=\"media-carousel.default\">\n\t\t\t\t<div class=\"elementor-widget-container\">\n\t\t\t\t\t\t\t\t\t<div class=\"elementor-swiper\">\n\t\t\t\t\t<div class=\"elementor-main-swiper swiper\" role=\"region\" aria-roledescription=\"carousel\" aria-label=\"Slider\">\n\t\t\t\t<div class=\"swiper-wrapper\">\n\t\t\t\t\t\t\t\t\t\t\t<div class=\"swiper-slide\" role=\"group\" aria-roledescription=\"slide\">\n\t\t\t\t\t\t\t<a href=\"https:\/\/trommelberg.visionenmaler.de\/wp-content\/uploads\/2024\/10\/TB-Gradient-Mobiler-Infrarottrockner-drei-Kassetten-IR-3L-Economy-1.jpg\" data-elementor-open-lightbox=\"yes\" data-elementor-lightbox-slideshow=\"7bd7c4a\" data-elementor-lightbox-title=\"TB-Gradient Mobiler Infrarottrockner drei Kassetten\" data-e-action-hash=\"#elementor-action%3Aaction%3Dlightbox%26settings%3DeyJpZCI6MTU3MjcsInVybCI6Imh0dHBzOlwvXC90cm9tbWVsYmVyZy52aXNpb25lbm1hbGVyLmRlXC93cC1jb250ZW50XC91cGxvYWRzXC8yMDI0XC8xMFwvVEItR3JhZGllbnQtTW9iaWxlci1JbmZyYXJvdHRyb2NrbmVyLWRyZWktS2Fzc2V0dGVuLUlSLTNMLUVjb25vbXktMS5qcGciLCJzbGlkZXNob3ciOiI3YmQ3YzRhIn0%3D\">\t\t<div class=\"elementor-carousel-image\" role=\"img\" aria-label=\"Mobiles Infrarot-Trocknungsger\u00e4t mit drei \u00fcbereinander angeordneten Heizmodulen, verstellbarem Schwenkarm, h\u00f6henverstellbarer S\u00e4ule und stabilem Fahrgestell auf Rollen, freigestellt auf wei\u00dfem Hintergrund.\" style=\"background-image: url(&#039;https:\/\/trommelberg.visionenmaler.de\/wp-content\/uploads\/2024\/10\/TB-Gradient-Mobiler-Infrarottrockner-drei-Kassetten-IR-3L-Economy-1.jpg&#039;)\">\n\n\t\t\t\n\t\t\t\t\t<\/div>\n\t\t<\/a>\t\t\t\t\t\t<\/div>\n\t\t\t\t\t\t\t\t\t\t\t<div class=\"swiper-slide\" role=\"group\" aria-roledescription=\"slide\">\n\t\t\t\t\t\t\t<a href=\"https:\/\/trommelberg.visionenmaler.de\/wp-content\/uploads\/2024\/10\/TB-Gradient-Mobiler-Infrarottrockner-drei-Kassetten-IR-3L-Economy-2.jpg\" data-elementor-open-lightbox=\"yes\" data-elementor-lightbox-slideshow=\"7bd7c4a\" data-elementor-lightbox-title=\"TB-Gradient Mobiler Infrarottrockner drei Kassetten - R\u00fcckansicht\" data-e-action-hash=\"#elementor-action%3Aaction%3Dlightbox%26settings%3DeyJpZCI6MTU3MjgsInVybCI6Imh0dHBzOlwvXC90cm9tbWVsYmVyZy52aXNpb25lbm1hbGVyLmRlXC93cC1jb250ZW50XC91cGxvYWRzXC8yMDI0XC8xMFwvVEItR3JhZGllbnQtTW9iaWxlci1JbmZyYXJvdHRyb2NrbmVyLWRyZWktS2Fzc2V0dGVuLUlSLTNMLUVjb25vbXktMi5qcGciLCJzbGlkZXNob3ciOiI3YmQ3YzRhIn0%3D\">\t\t<div class=\"elementor-carousel-image\" role=\"img\" aria-label=\"Mobiles Infrarot-Trocknungsger\u00e4t mit drei Heizmodulen, ausgefahrenem Schwenkarm, h\u00f6henverstellbarer S\u00e4ule, integrierter Kabelf\u00fchrung und stabilem Fahrgestell auf Rollen, R\u00fcckansicht vor wei\u00dfem Hintergrund.\" style=\"background-image: url(&#039;https:\/\/trommelberg.visionenmaler.de\/wp-content\/uploads\/2024\/10\/TB-Gradient-Mobiler-Infrarottrockner-drei-Kassetten-IR-3L-Economy-2.jpg&#039;)\">\n\n\t\t\t\n\t\t\t\t\t<\/div>\n\t\t<\/a>\t\t\t\t\t\t<\/div>\n\t\t\t\t\t\t\t\t\t\t\t<div class=\"swiper-slide\" role=\"group\" aria-roledescription=\"slide\">\n\t\t\t\t\t\t\t<a href=\"https:\/\/trommelberg.visionenmaler.de\/wp-content\/uploads\/2024\/10\/TB-Gradient-Mobiler-Infrarottrockner-drei-Kassetten-IR-3L-Economy-3.jpg\" data-elementor-open-lightbox=\"yes\" data-elementor-lightbox-slideshow=\"7bd7c4a\" data-elementor-lightbox-title=\"3 Heizmodule\" data-e-action-hash=\"#elementor-action%3Aaction%3Dlightbox%26settings%3DeyJpZCI6MTU3MjksInVybCI6Imh0dHBzOlwvXC90cm9tbWVsYmVyZy52aXNpb25lbm1hbGVyLmRlXC93cC1jb250ZW50XC91cGxvYWRzXC8yMDI0XC8xMFwvVEItR3JhZGllbnQtTW9iaWxlci1JbmZyYXJvdHRyb2NrbmVyLWRyZWktS2Fzc2V0dGVuLUlSLTNMLUVjb25vbXktMy5qcGciLCJzbGlkZXNob3ciOiI3YmQ3YzRhIn0%3D\">\t\t<div class=\"elementor-carousel-image\" role=\"img\" aria-label=\"Mobiles Infrarot-Trocknungsger\u00e4t mit drei \u00fcbereinander angeordneten Heizmodulen, einzeln verstellbar an einer vertikalen Halterung, sichtbarer Kabelf\u00fchrung und Schutzgittern, Schr\u00e4gansicht vor wei\u00dfem Hintergrund.\" style=\"background-image: url(&#039;https:\/\/trommelberg.visionenmaler.de\/wp-content\/uploads\/2024\/10\/TB-Gradient-Mobiler-Infrarottrockner-drei-Kassetten-IR-3L-Economy-3.jpg&#039;)\">\n\n\t\t\t\n\t\t\t\t\t<\/div>\n\t\t<\/a>\t\t\t\t\t\t<\/div>\n\t\t\t\t\t\t\t\t\t\t\t<div class=\"swiper-slide\" role=\"group\" aria-roledescription=\"slide\">\n\t\t\t\t\t\t\t<a href=\"https:\/\/trommelberg.visionenmaler.de\/wp-content\/uploads\/2024\/10\/TB-Gradient-Mobiler-Infrarottrockner-drei-Kassetten-IR-3L-Economy-4.jpg\" data-elementor-open-lightbox=\"yes\" data-elementor-lightbox-slideshow=\"7bd7c4a\" data-elementor-lightbox-title=\"Digitale Steuereinheit mit Display\" data-e-action-hash=\"#elementor-action%3Aaction%3Dlightbox%26settings%3DeyJpZCI6MTU3MzAsInVybCI6Imh0dHBzOlwvXC90cm9tbWVsYmVyZy52aXNpb25lbm1hbGVyLmRlXC93cC1jb250ZW50XC91cGxvYWRzXC8yMDI0XC8xMFwvVEItR3JhZGllbnQtTW9iaWxlci1JbmZyYXJvdHRyb2NrbmVyLWRyZWktS2Fzc2V0dGVuLUlSLTNMLUVjb25vbXktNC5qcGciLCJzbGlkZXNob3ciOiI3YmQ3YzRhIn0%3D\">\t\t<div class=\"elementor-carousel-image\" role=\"img\" aria-label=\"Vertikale Bedieneinheit eines Infrarot-Trocknungsger\u00e4ts mit digitalem Display, mehreren Funktionstasten, Statusanzeigen und schematischen Bedienhinweisen, montiert an einer grauen Ger\u00e4tes\u00e4ule.\" style=\"background-image: url(&#039;https:\/\/trommelberg.visionenmaler.de\/wp-content\/uploads\/2024\/10\/TB-Gradient-Mobiler-Infrarottrockner-drei-Kassetten-IR-3L-Economy-4.jpg&#039;)\">\n\n\t\t\t\n\t\t\t\t\t<\/div>\n\t\t<\/a>\t\t\t\t\t\t<\/div>\n\t\t\t\t\t\t\t\t\t<\/div>\n\t\t\t\t\t\t\t\t\t\t\t\t\t\t\t<div class=\"elementor-swiper-button elementor-swiper-button-prev\" role=\"button\" tabindex=\"0\" aria-label=\"Previous\">\n\t\t\t\t\t\t\t<i aria-hidden=\"true\" class=\"eicon-chevron-left\"><\/i>\t\t\t\t\t\t<\/div>\n\t\t\t\t\t\t<div class=\"elementor-swiper-button elementor-swiper-button-next\" role=\"button\" tabindex=\"0\" aria-label=\"Next\">\n\t\t\t\t\t\t\t<i aria-hidden=\"true\" class=\"eicon-chevron-right\"><\/i>\t\t\t\t\t\t<\/div>\n\t\t\t\t\t\t\t\t\t\t\t\t\t\t\t\t\t<\/div>\n\t\t\t\t<\/div>\n\t\t\t\t\t\t\t\t<div class=\"elementor-swiper\">\n\t\t\t\t\t<div class=\"elementor-main-swiper swiper elementor-thumbnails-swiper swiper\" role=\"region region\" aria-roledescription=\"carousel carousel\" aria-label=\"Slider Slider\">\n\t\t\t\t<div class=\"swiper-wrapper\">\n\t\t\t\t\t\t\t\t\t\t\t<div class=\"swiper-slide\" role=\"group\" aria-roledescription=\"slide\">\n\t\t\t\t\t\t\t\t\t<div class=\"elementor-carousel-image\" role=\"img\" aria-label=\"Mobiles Infrarot-Trocknungsger\u00e4t mit drei \u00fcbereinander angeordneten Heizmodulen, verstellbarem Schwenkarm, h\u00f6henverstellbarer S\u00e4ule und stabilem Fahrgestell auf Rollen, freigestellt auf wei\u00dfem Hintergrund.\" style=\"background-image: url(&#039;https:\/\/trommelberg.visionenmaler.de\/wp-content\/uploads\/2024\/10\/TB-Gradient-Mobiler-Infrarottrockner-drei-Kassetten-IR-3L-Economy-1.jpg&#039;)\">\n\n\t\t\t\n\t\t\t\t\t<\/div>\n\t\t<\/a>\t\t\t\t\t\t<\/div>\n\t\t\t\t\t\t\t\t\t\t\t<div class=\"swiper-slide\" role=\"group\" aria-roledescription=\"slide\">\n\t\t\t\t\t\t\t\t\t<div class=\"elementor-carousel-image\" role=\"img\" aria-label=\"Mobiles Infrarot-Trocknungsger\u00e4t mit drei Heizmodulen, ausgefahrenem Schwenkarm, h\u00f6henverstellbarer S\u00e4ule, integrierter Kabelf\u00fchrung und stabilem Fahrgestell auf Rollen, R\u00fcckansicht vor wei\u00dfem Hintergrund.\" style=\"background-image: url(&#039;https:\/\/trommelberg.visionenmaler.de\/wp-content\/uploads\/2024\/10\/TB-Gradient-Mobiler-Infrarottrockner-drei-Kassetten-IR-3L-Economy-2.jpg&#039;)\">\n\n\t\t\t\n\t\t\t\t\t<\/div>\n\t\t<\/a>\t\t\t\t\t\t<\/div>\n\t\t\t\t\t\t\t\t\t\t\t<div class=\"swiper-slide\" role=\"group\" aria-roledescription=\"slide\">\n\t\t\t\t\t\t\t\t\t<div class=\"elementor-carousel-image\" role=\"img\" aria-label=\"Mobiles Infrarot-Trocknungsger\u00e4t mit drei \u00fcbereinander angeordneten Heizmodulen, einzeln verstellbar an einer vertikalen Halterung, sichtbarer Kabelf\u00fchrung und Schutzgittern, Schr\u00e4gansicht vor wei\u00dfem Hintergrund.\" style=\"background-image: url(&#039;https:\/\/trommelberg.visionenmaler.de\/wp-content\/uploads\/2024\/10\/TB-Gradient-Mobiler-Infrarottrockner-drei-Kassetten-IR-3L-Economy-3.jpg&#039;)\">\n\n\t\t\t\n\t\t\t\t\t<\/div>\n\t\t<\/a>\t\t\t\t\t\t<\/div>\n\t\t\t\t\t\t\t\t\t\t\t<div class=\"swiper-slide\" role=\"group\" aria-roledescription=\"slide\">\n\t\t\t\t\t\t\t\t\t<div class=\"elementor-carousel-image\" role=\"img\" aria-label=\"Vertikale Bedieneinheit eines Infrarot-Trocknungsger\u00e4ts mit digitalem Display, mehreren Funktionstasten, Statusanzeigen und schematischen Bedienhinweisen, montiert an einer grauen Ger\u00e4tes\u00e4ule.\" style=\"background-image: url(&#039;https:\/\/trommelberg.visionenmaler.de\/wp-content\/uploads\/2024\/10\/TB-Gradient-Mobiler-Infrarottrockner-drei-Kassetten-IR-3L-Economy-4.jpg&#039;)\">\n\n\t\t\t\n\t\t\t\t\t<\/div>\n\t\t<\/a>\t\t\t\t\t\t<\/div>\n\t\t\t\t\t\t\t\t\t<\/div>\n\t\t\t\t\t\t\t\t\t\t\t\t\t\t\t\t\t\t\t\t\t<\/div>\n\t\t\t\t<\/div>\n\t\t\t\t\t\t\t\t<\/div>\n\t\t\t\t<\/div>\n\t\t\t\t<\/div>\n\t\t<div class=\"elementor-element elementor-element-bfb2ba5 e-con-full e-flex e-con e-child\" data-id=\"bfb2ba5\" data-element_type=\"container\" data-e-type=\"container\">\n\t\t\t\t<div class=\"elementor-element elementor-element-23081ba elementor-invisible elementor-widget elementor-widget-heading\" data-id=\"23081ba\" data-element_type=\"widget\" data-e-type=\"widget\" data-settings=\"{&quot;_animation&quot;:&quot;fadeIn&quot;}\" data-widget_type=\"heading.default\">\n\t\t\t\t<div class=\"elementor-widget-container\">\n\t\t\t\t\t<h1 class=\"elementor-heading-title elementor-size-default\">3 Cassettes Mobile Infrared Dryer IR3 ECONOMY<\/h1>\t\t\t\t<\/div>\n\t\t\t\t<\/div>\n\t\t\t\t<div class=\"elementor-element elementor-element-0603573 elementor-widget elementor-widget-text-editor\" data-id=\"0603573\" data-element_type=\"widget\" data-e-type=\"widget\" data-widget_type=\"text-editor.default\">\n\t\t\t\t<div class=\"elementor-widget-container\">\n\t\t\t\t\t\t\t\t\t<div class=\"short_desc\"><p><strong>Item number: <\/strong>IR 3L ECONOMY<\/p><\/div>\t\t\t\t\t\t\t\t<\/div>\n\t\t\t\t<\/div>\n\t\t\t\t<div class=\"elementor-element elementor-element-7daf1eb elementor-widget elementor-widget-heading\" data-id=\"7daf1eb\" data-element_type=\"widget\" data-e-type=\"widget\" data-widget_type=\"heading.default\">\n\t\t\t\t<div class=\"elementor-widget-container\">\n\t\t\t\t\t<h2 class=\"elementor-heading-title elementor-size-default\">Overview<\/h2>\t\t\t\t<\/div>\n\t\t\t\t<\/div>\n\t\t\t\t<div class=\"elementor-element elementor-element-013dbcf elementor-widget elementor-widget-text-editor\" data-id=\"013dbcf\" data-element_type=\"widget\" data-e-type=\"widget\" data-widget_type=\"text-editor.default\">\n\t\t\t\t<div class=\"elementor-widget-container\">\n\t\t\t\t\t\t\t\t\t<p>Mobiler IR-Trockner im Kurzwellenbereich mit drei Kassetten zum Trocknen von Fahrzeuglacken. Charakteristika \u2022 Edelstahlreflektor mit hoher Reflexion \u2022 Ausgestattet mit Quarz-Kurzwellen -Infrarot-Halogenlampen \u2022 der Kassettentr&#8230;<\/p>\t\t\t\t\t\t\t\t<\/div>\n\t\t\t\t<\/div>\n\t\t\t\t<div class=\"elementor-element elementor-element-117960d elementor-widget elementor-widget-text-editor\" data-id=\"117960d\" data-element_type=\"widget\" data-e-type=\"widget\" data-widget_type=\"text-editor.default\">\n\t\t\t\t<div class=\"elementor-widget-container\">\n\t\t\t\t\t\t\t\t\t<strong>Price incl. VAT:<\/strong> 1129.31 Euro\t\t\t\t\t\t\t\t<\/div>\n\t\t\t\t<\/div>\n\t\t\t\t<div class=\"elementor-element elementor-element-36e50e4 elementor-widget elementor-widget-text-editor\" data-id=\"36e50e4\" data-element_type=\"widget\" data-e-type=\"widget\" data-widget_type=\"text-editor.default\">\n\t\t\t\t<div class=\"elementor-widget-container\">\n\t\t\t\t\t\t\t\t\t<strong>Stock status:<\/strong> In stock\t\t\t\t\t\t\t\t<\/div>\n\t\t\t\t<\/div>\n\t\t\t\t<div class=\"elementor-element elementor-element-822a2f4 elementor-widget elementor-widget-text-editor\" data-id=\"822a2f4\" data-element_type=\"widget\" data-e-type=\"widget\" data-widget_type=\"text-editor.default\">\n\t\t\t\t<div class=\"elementor-widget-container\">\n\t\t\t\t\t\t\t\t\t<p><strong>Delivery:<\/strong><\/p>\t\t\t\t\t\t\t\t<\/div>\n\t\t\t\t<\/div>\n\t\t\t\t<div class=\"elementor-element elementor-element-767ba0e elementor-widget elementor-widget-text-editor\" data-id=\"767ba0e\" data-element_type=\"widget\" data-e-type=\"widget\" data-widget_type=\"text-editor.default\">\n\t\t\t\t<div class=\"elementor-widget-container\">\n\t\t\t\t\t\t\t\t\t<p>On request, freight costs will be charged separately<\/p>\t\t\t\t\t\t\t\t<\/div>\n\t\t\t\t<\/div>\n\t\t<div class=\"elementor-element elementor-element-6e5d110 e-con-full e-flex e-con e-child\" data-id=\"6e5d110\" data-element_type=\"container\" data-e-type=\"container\">\n\t\t\t\t<div class=\"elementor-element elementor-element-aedd728 elementor-widget elementor-widget-text-editor\" data-id=\"aedd728\" data-element_type=\"widget\" data-e-type=\"widget\" data-widget_type=\"text-editor.default\">\n\t\t\t\t<div class=\"elementor-widget-container\">\n\t\t\t\t\t\t\t\t\t<p><strong>Manufactured by:<\/strong><\/p>\t\t\t\t\t\t\t\t<\/div>\n\t\t\t\t<\/div>\n\t\t\t\t<div class=\"elementor-element elementor-element-060f6df elementor-widget elementor-widget-image\" data-id=\"060f6df\" data-element_type=\"widget\" data-e-type=\"widget\" data-widget_type=\"image.default\">\n\t\t\t\t<div class=\"elementor-widget-container\">\n\t\t\t\t\t\t\t\t\t\t\t\t\t\t\t<img decoding=\"async\" width=\"300\" height=\"94\" src=\"https:\/\/trommelberg.visionenmaler.de\/wp-content\/uploads\/2022\/04\/TB-GRADIENT-Logo.svg\" class=\"attachment-medium size-medium wp-image-14603\" alt=\"Horizontales Logo mit dem Schriftzug \u201eTB\u201c in schwarzer, massiver Blockschrift. Unterhalb befindet sich ein schwarzer Balken mit dem Wort \u201eGRADIENT\u201c in wei\u00dfer, weit gespationierter Gro\u00dfbuchstabenschrift. Der Hintergrund ist transparent.\" \/>\t\t\t\t\t\t\t\t\t\t\t\t\t\t\t<\/div>\n\t\t\t\t<\/div>\n\t\t\t\t<\/div>\n\t\t\t\t<\/div>\n\t\t\t\t\t<\/div>\n\t\t\t\t<\/div>\n\t\t<div class=\"elementor-element elementor-element-80c9f9a e-flex e-con-boxed e-con e-parent\" data-id=\"80c9f9a\" data-element_type=\"container\" data-e-type=\"container\" data-settings=\"{&quot;background_background&quot;:&quot;classic&quot;}\">\n\t\t\t\t\t<div class=\"e-con-inner\">\n\t\t\t\t<div class=\"elementor-element elementor-element-6fb3241 e-n-tabs-mobile elementor-widget elementor-widget-n-tabs\" data-id=\"6fb3241\" data-element_type=\"widget\" data-e-type=\"widget\" data-settings=\"{&quot;tabs_justify_horizontal&quot;:&quot;start&quot;,&quot;horizontal_scroll&quot;:&quot;disable&quot;}\" data-widget_type=\"nested-tabs.default\">\n\t\t\t\t<div class=\"elementor-widget-container\">\n\t\t\t\t\t\t\t<div class=\"e-n-tabs\" data-widget-number=\"117125697\" aria-label=\"Tabs. Open items with Enter or Space, close with Escape and navigate using the Arrow keys.\">\n\t\t\t<div class=\"e-n-tabs-heading\" role=\"tablist\">\n\t\t\t\t\t<button id=\"e-n-tab-title-1171256971\" data-tab-title-id=\"e-n-tab-title-1171256971\" class=\"e-n-tab-title\" aria-selected=\"true\" data-tab-index=\"1\" role=\"tab\" tabindex=\"0\" aria-controls=\"e-n-tab-content-1171256971\" style=\"--n-tabs-title-order: 1;\">\n\t\t\t\t\t\t<span class=\"e-n-tab-title-text\">\n\t\t\t\tTechnical data\t\t\t<\/span>\n\t\t<\/button>\n\t\t\t\t<button id=\"e-n-tab-title-1171256972\" data-tab-title-id=\"e-n-tab-title-1171256972\" class=\"e-n-tab-title\" aria-selected=\"false\" data-tab-index=\"2\" role=\"tab\" tabindex=\"-1\" aria-controls=\"e-n-tab-content-1171256972\" style=\"--n-tabs-title-order: 2;\">\n\t\t\t\t\t\t<span class=\"e-n-tab-title-text\">\n\t\t\t\tDescription\t\t\t<\/span>\n\t\t<\/button>\n\t\t\t\t\t<\/div>\n\t\t\t<div class=\"e-n-tabs-content\">\n\t\t\t\t<div id=\"e-n-tab-content-1171256971\" role=\"tabpanel\" aria-labelledby=\"e-n-tab-title-1171256971\" data-tab-index=\"1\" style=\"--n-tabs-title-order: 1;\" class=\"e-active elementor-element elementor-element-c48c085 e-con-full e-grid e-con e-child\" data-id=\"c48c085\" data-element_type=\"container\" data-e-type=\"container\">\n\t\t<div class=\"elementor-element elementor-element-99025e6 e-grid e-con-full e-con e-child\" data-id=\"99025e6\" data-element_type=\"container\" data-e-type=\"container\">\n\t\t\t\t<div class=\"elementor-element elementor-element-6a17426 elementor-widget elementor-widget-text-editor\" data-id=\"6a17426\" data-element_type=\"widget\" data-e-type=\"widget\" data-widget_type=\"text-editor.default\">\n\t\t\t\t<div class=\"elementor-widget-container\">\n\t\t\t\t\t\t\t\t\t<p>Power consumption<\/p>\t\t\t\t\t\t\t\t<\/div>\n\t\t\t\t<\/div>\n\t\t\t\t<div class=\"elementor-element elementor-element-eb29363 elementor-widget elementor-widget-text-editor\" data-id=\"eb29363\" data-element_type=\"widget\" data-e-type=\"widget\" data-widget_type=\"text-editor.default\">\n\t\t\t\t<div class=\"elementor-widget-container\">\n\t\t\t\t\t\t\t\t\t<p>3 x 1100 W<\/p>\t\t\t\t\t\t\t\t<\/div>\n\t\t\t\t<\/div>\n\t\t\t\t<\/div>\n\t\t<div class=\"elementor-element elementor-element-4747858 e-grid e-con-full e-con e-child\" data-id=\"4747858\" data-element_type=\"container\" data-e-type=\"container\">\n\t\t\t\t<div class=\"elementor-element elementor-element-121f917 elementor-widget elementor-widget-text-editor\" data-id=\"121f917\" data-element_type=\"widget\" data-e-type=\"widget\" data-widget_type=\"text-editor.default\">\n\t\t\t\t<div class=\"elementor-widget-container\">\n\t\t\t\t\t\t\t\t\t<p>Timer<\/p>\t\t\t\t\t\t\t\t<\/div>\n\t\t\t\t<\/div>\n\t\t\t\t<div class=\"elementor-element elementor-element-b7ab1fc elementor-widget elementor-widget-text-editor\" data-id=\"b7ab1fc\" data-element_type=\"widget\" data-e-type=\"widget\" data-widget_type=\"text-editor.default\">\n\t\t\t\t<div class=\"elementor-widget-container\">\n\t\t\t\t\t\t\t\t\t<p>elektronisch<\/p>\t\t\t\t\t\t\t\t<\/div>\n\t\t\t\t<\/div>\n\t\t\t\t<\/div>\n\t\t<div class=\"elementor-element elementor-element-1371796 e-grid e-con-full e-con e-child\" data-id=\"1371796\" data-element_type=\"container\" data-e-type=\"container\">\n\t\t\t\t<div class=\"elementor-element elementor-element-3883ef3 elementor-widget elementor-widget-text-editor\" data-id=\"3883ef3\" data-element_type=\"widget\" data-e-type=\"widget\" data-widget_type=\"text-editor.default\">\n\t\t\t\t<div class=\"elementor-widget-container\">\n\t\t\t\t\t\t\t\t\t<p>Max. Abmessung der zu trocknenden Fl\u00e4che<\/p>\t\t\t\t\t\t\t\t<\/div>\n\t\t\t\t<\/div>\n\t\t\t\t<div class=\"elementor-element elementor-element-2f66680 elementor-widget elementor-widget-text-editor\" data-id=\"2f66680\" data-element_type=\"widget\" data-e-type=\"widget\" data-widget_type=\"text-editor.default\">\n\t\t\t\t<div class=\"elementor-widget-container\">\n\t\t\t\t\t\t\t\t\t<p>1200 \u0445 1000 mm<\/p>\t\t\t\t\t\t\t\t<\/div>\n\t\t\t\t<\/div>\n\t\t\t\t<\/div>\n\t\t<div class=\"elementor-element elementor-element-cab243b e-grid e-con-full e-con e-child\" data-id=\"cab243b\" data-element_type=\"container\" data-e-type=\"container\">\n\t\t\t\t<div class=\"elementor-element elementor-element-679d2f0 elementor-widget elementor-widget-text-editor\" data-id=\"679d2f0\" data-element_type=\"widget\" data-e-type=\"widget\" data-widget_type=\"text-editor.default\">\n\t\t\t\t<div class=\"elementor-widget-container\">\n\t\t\t\t\t\t\t\t\t<p>Abstand Strahler \/ Oberfl\u00e4che<\/p>\t\t\t\t\t\t\t\t<\/div>\n\t\t\t\t<\/div>\n\t\t\t\t<div class=\"elementor-element elementor-element-c37eead elementor-widget elementor-widget-text-editor\" data-id=\"c37eead\" data-element_type=\"widget\" data-e-type=\"widget\" data-widget_type=\"text-editor.default\">\n\t\t\t\t<div class=\"elementor-widget-container\">\n\t\t\t\t\t\t\t\t\t<p>30 &#8211; 60 cm<\/p>\t\t\t\t\t\t\t\t<\/div>\n\t\t\t\t<\/div>\n\t\t\t\t<\/div>\n\t\t<div class=\"elementor-element elementor-element-a0a44a0 e-grid e-con-full e-con e-child\" data-id=\"a0a44a0\" data-element_type=\"container\" data-e-type=\"container\">\n\t\t\t\t<div class=\"elementor-element elementor-element-dce3917 elementor-widget elementor-widget-text-editor\" data-id=\"dce3917\" data-element_type=\"widget\" data-e-type=\"widget\" data-widget_type=\"text-editor.default\">\n\t\t\t\t<div class=\"elementor-widget-container\">\n\t\t\t\t\t\t\t\t\t<p>Trockenzeit<\/p>\t\t\t\t\t\t\t\t<\/div>\n\t\t\t\t<\/div>\n\t\t\t\t<div class=\"elementor-element elementor-element-630c523 elementor-widget elementor-widget-text-editor\" data-id=\"630c523\" data-element_type=\"widget\" data-e-type=\"widget\" data-widget_type=\"text-editor.default\">\n\t\t\t\t<div class=\"elementor-widget-container\">\n\t\t\t\t\t\t\t\t\t<p>60 min<\/p>\t\t\t\t\t\t\t\t<\/div>\n\t\t\t\t<\/div>\n\t\t\t\t<\/div>\n\t\t<div class=\"elementor-element elementor-element-9c09930 e-grid e-con-full e-con e-child\" data-id=\"9c09930\" data-element_type=\"container\" data-e-type=\"container\">\n\t\t\t\t<div class=\"elementor-element elementor-element-272485c elementor-widget elementor-widget-text-editor\" data-id=\"272485c\" data-element_type=\"widget\" data-e-type=\"widget\" data-widget_type=\"text-editor.default\">\n\t\t\t\t<div class=\"elementor-widget-container\">\n\t\t\t\t\t\t\t\t\t<p>Power supply<\/p>\t\t\t\t\t\t\t\t<\/div>\n\t\t\t\t<\/div>\n\t\t\t\t<div class=\"elementor-element elementor-element-1c77e94 elementor-widget elementor-widget-text-editor\" data-id=\"1c77e94\" data-element_type=\"widget\" data-e-type=\"widget\" data-widget_type=\"text-editor.default\">\n\t\t\t\t<div class=\"elementor-widget-container\">\n\t\t\t\t\t\t\t\t\t<p>1PH x 230V \/ 50 Hz<\/p>\t\t\t\t\t\t\t\t<\/div>\n\t\t\t\t<\/div>\n\t\t\t\t<\/div>\n\t\t\t\t<\/div>\n\t\t<div id=\"e-n-tab-content-1171256972\" role=\"tabpanel\" aria-labelledby=\"e-n-tab-title-1171256972\" data-tab-index=\"2\" style=\"--n-tabs-title-order: 2;\" class=\"elementor-element elementor-element-aeff931 e-con-full e-flex e-con e-child\" data-id=\"aeff931\" data-element_type=\"container\" data-e-type=\"container\" data-settings=\"{&quot;background_background&quot;:&quot;classic&quot;}\">\n\t\t\t\t<div class=\"elementor-element elementor-element-c6c54ba elementor-widget elementor-widget-text-editor\" data-id=\"c6c54ba\" data-element_type=\"widget\" data-e-type=\"widget\" data-widget_type=\"text-editor.default\">\n\t\t\t\t<div class=\"elementor-widget-container\">\n\t\t\t\t\t\t\t\t\t<p>Mobiler IR-Trockner im Kurzwellenbereich mit drei Kassetten zum Trocknen von Fahrzeuglacken.<\/p>\t\t\t\t\t\t\t\t<\/div>\n\t\t\t\t<\/div>\n\t\t\t\t<div class=\"elementor-element elementor-element-f071d14 elementor-widget elementor-widget-text-editor\" data-id=\"f071d14\" data-element_type=\"widget\" data-e-type=\"widget\" data-widget_type=\"text-editor.default\">\n\t\t\t\t<div class=\"elementor-widget-container\">\n\t\t\t\t\t\t\t\t\t<p>Characteristics<\/p>\t\t\t\t\t\t\t\t<\/div>\n\t\t\t\t<\/div>\n\t\t\t\t<div class=\"elementor-element elementor-element-18577a7 elementor-widget elementor-widget-text-editor\" data-id=\"18577a7\" data-element_type=\"widget\" data-e-type=\"widget\" data-widget_type=\"text-editor.default\">\n\t\t\t\t<div class=\"elementor-widget-container\">\n\t\t\t\t\t\t\t\t\t<p>\u2022 Edelstahlreflektor mit hoher Reflexion<br \/>\u2022 Ausgestattet mit Quarz-Kurzwellen -Infrarot-Halogenlampen<br \/>\u2022 der Kassettentragarm kann mittels Hydraulikzylinder in der H\u00f6he verstellt werden<br \/>\u2022 Kassetten drehbar um 300\u00b0<br \/>\u2022 LED-Anzeige f\u00fcr Trockenzeit und Netz<br \/>\u2022 \u00dcberlastschutz<br \/>\u2022 Jede Kassette ist separat ansteuerbar.<\/p>\t\t\t\t\t\t\t\t<\/div>\n\t\t\t\t<\/div>\n\t\t\t\t<\/div>\n\t\t\t\t\t<\/div>\n\t\t<\/div>\n\t\t\t\t\t\t<\/div>\n\t\t\t\t<\/div>\n\t\t\t\t\t<\/div>\n\t\t\t\t<\/div>\n\t\t\t\t<\/div>","protected":false},"excerpt":{"rendered":"<p>Artikelnummer: IR 3L ECONOMY \u00dcbersicht Mobiler IR-Trockner im Kurzwellenbereich mit drei Kassetten zum Trocknen von Fahrzeuglacken. Charakteristika \u2022 Edelstahlreflektor mit hoher Reflexion \u2022 Ausgestattet mit Quarz-Kurzwellen -Infrarot-Halogenlampen \u2022 der Kassettentr&#8230; Lieferung: Auf Anfrage, Frachtkosten werden separat berechnet Hergestellt von: Technische Daten Beschreibung Leistungsaufnahme 3 x 1100 W Timer elektronisch Max. Abmessung der zu trocknenden Fl\u00e4che [&hellip;]<\/p>","protected":false},"author":1,"featured_media":15727,"comment_status":"closed","ping_status":"open","sticky":false,"template":"","format":"standard","meta":{"_acf_changed":false,"footnotes":""},"categories":[59],"tags":[],"class_list":["post-15210","post","type-post","status-publish","format-standard","has-post-thumbnail","hentry","category-mobile-infrarottrockner"],"acf":[],"_links":{"self":[{"href":"https:\/\/trommelberg.visionenmaler.de\/en\/wp-json\/wp\/v2\/posts\/15210","targetHints":{"allow":["GET"]}}],"collection":[{"href":"https:\/\/trommelberg.visionenmaler.de\/en\/wp-json\/wp\/v2\/posts"}],"about":[{"href":"https:\/\/trommelberg.visionenmaler.de\/en\/wp-json\/wp\/v2\/types\/post"}],"author":[{"embeddable":true,"href":"https:\/\/trommelberg.visionenmaler.de\/en\/wp-json\/wp\/v2\/users\/1"}],"replies":[{"embeddable":true,"href":"https:\/\/trommelberg.visionenmaler.de\/en\/wp-json\/wp\/v2\/comments?post=15210"}],"version-history":[{"count":0,"href":"https:\/\/trommelberg.visionenmaler.de\/en\/wp-json\/wp\/v2\/posts\/15210\/revisions"}],"wp:featuredmedia":[{"embeddable":true,"href":"https:\/\/trommelberg.visionenmaler.de\/en\/wp-json\/wp\/v2\/media\/15727"}],"wp:attachment":[{"href":"https:\/\/trommelberg.visionenmaler.de\/en\/wp-json\/wp\/v2\/media?parent=15210"}],"wp:term":[{"taxonomy":"category","embeddable":true,"href":"https:\/\/trommelberg.visionenmaler.de\/en\/wp-json\/wp\/v2\/categories?post=15210"},{"taxonomy":"post_tag","embeddable":true,"href":"https:\/\/trommelberg.visionenmaler.de\/en\/wp-json\/wp\/v2\/tags?post=15210"}],"curies":[{"name":"wp","href":"https:\/\/api.w.org\/{rel}","templated":true}]}}